{"id":161,"date":"2024-11-22T09:19:36","date_gmt":"2024-11-22T08:19:36","guid":{"rendered":"https:\/\/zdow.pl\/rlks\/?p=161"},"modified":"2024-11-22T09:19:36","modified_gmt":"2024-11-22T08:19:36","slug":"aktywizacja-spolecznosci-lokalnej-w-placowkach-edukacyjnych-zdow-7-1","status":"publish","type":"post","link":"https:\/\/zdow.pl\/rlks\/aktywizacja-spolecznosci-lokalnej-w-placowkach-edukacyjnych-zdow-7-1\/","title":{"rendered":"Aktywizacja spo\u0142eczno\u015bci lokalnej w plac\u00f3wkach edukacyjnych &#8211; ZDOW (7.1)"},"content":{"rendered":"\n<p>Szanowni Pa\u0144stwo, informujemy \u017ce w dniu 22.11.2024 podpisano umowe nr FELB.07.01-IZ.00-0007\/24<\/p>\n\n\n\n<p>Data rozpocz\u0119cia projektu to: 2024-06-01 a data zako\u0144czenia to: 2025-12-31<\/p>\n\n\n\n<figure class=\"wp-block-image size-full\"><img loading=\"lazy\" decoding=\"async\" width=\"963\" height=\"77\" src=\"https:\/\/zdow.pl\/rlks\/wp-content\/uploads\/2024\/11\/pasek.jpg\" alt=\"\" class=\"wp-image-154\" srcset=\"https:\/\/zdow.pl\/rlks\/wp-content\/uploads\/2024\/11\/pasek.jpg 963w, https:\/\/zdow.pl\/rlks\/wp-content\/uploads\/2024\/11\/pasek-300x24.jpg 300w, https:\/\/zdow.pl\/rlks\/wp-content\/uploads\/2024\/11\/pasek-768x61.jpg 768w\" sizes=\"auto, (max-width: 963px) 100vw, 963px\" \/><\/figure>\n\n\n\n<p>Projekt <strong>b\u0119dzie polega\u0142<\/strong> na realizacji grant\u00f3w przez np. JST oraz NGO z terenu LGD polegaj\u0105cych np. poprzez organizacje r\u00f3\u017cnego rodzaju warsztat\u00f3w, tworzeniu k\u00f3\u0142ek zainteresowa\u0144, grup teatralnych, terapii artystyczno \u2013 zaj\u0119ciowych, wystaw, zapewnienie styczno\u015bci z kultur\u0105 poprzez wyjazdy do filharmonii czy teatru itd. <\/p>\n\n\n\n<p><strong>Celem projektu<\/strong> jest wzrost dost\u0119pu do edukacji i kultury na obszarze obj\u0119tym LSR poprzez realizacj\u0119 min. 7 grant\u00f3w dla NGO i\/lub JST, kt\u00f3re obejm\u0105 wsparciem min. 220 os\u00f3b z obszar\u00f3w wiejskich do ko\u0144ca 2025 roku <\/p>\n\n\n\n<p>Projekt b\u0119dzie <strong>skierowany przede wszystkim do mieszka\u0144c\u00f3w obszar\u00f3w wiejskich<\/strong> (z terenu na kt\u00f3rym dzia\u0142a LGD Zielona Dolina Odry i Warty tj. Gmin: S\u0142ubice, G\u00f3rzyca, Rzepin, Cybinka Kostrzyn nad Odr\u0105, S\u0142o\u0144sk, Witnica.), kt\u00f3rzy przez wykluczenie komunikacyjne czy odleg\u0142o\u015b\u0107 od wi\u0119kszych o\u015brodk\u00f3w miejskich nie maj\u0105 mo\u017cliwo\u015bci korzystania z zaj\u0119\u0107 pozalekcyjnych czy dodatkowych, a tym samym rozwijania swoich zainteresowa\u0144, dost\u0119pu do kultury. Realizacja powy\u017cszego projektu umo\u017cliwi wyr\u00f3wnanie szans dzieci z obszar\u00f3w wiejskich w por\u00f3wnaniu z dzie\u0107mi z du\u017cych o\u015brodk\u00f3w miejskich.<\/p>\n\n\n\n<p><strong>Oczekiwany efekt\/rezultat<\/strong> projektu wyra\u017cony jest wska\u017anikami: <\/p>\n\n\n\n<ul class=\"wp-block-list\">\n<li>Liczba uczni\u00f3w, kt\u00f3rzy nabyli kwalifikacje po opuszczeniu programu: 88 og\u00f3\u0142em, 48 Kobiet, 40 M\u0119\u017cczyzn<\/li>\n<\/ul>\n\n\n\n<ul class=\"wp-block-list\">\n<li>Liczba os\u00f3b, kt\u00f3re zako\u0144czy\u0142y udzia\u0142 w dzia\u0142aniach kulturalnych, aktywizacyjnych lub edukacyjnych 175 og\u00f3\u0142em, 90 Kobiet, 85 M\u0119\u017cczyzn<\/li>\n<\/ul>\n\n\n\n<p><strong>Warto\u015b\u0107 projektu (ca\u0142kowity koszt projektu):<\/strong> 737 400,64 PLN<\/p>\n\n\n\n<p><strong>Wysoko\u015b\u0107 wk\u0142adu Funduszy Europejskich:<\/strong> 700 530,60 PLN<\/p>\n\n\n\n<p>Fundusz: Europejski Fundusz Spo\u0142eczny +, Program: Fundusze Europejskie dla Lubuskiego 2021-2027, Priorytet: Fundusze Europejskie na rozw\u00f3j lokalny kierowany przez spo\u0142eczno\u015b\u0107, Dzia\u0142anie: Aktywizacja spo\u0142eczno\u015bci lokalnej w plac\u00f3wkach edukacyjnych<\/p>\n\n\n\n<figure class=\"wp-block-image size-large\"><img loading=\"lazy\" decoding=\"async\" width=\"1024\" height=\"724\" src=\"https:\/\/zdow.pl\/rlks\/wp-content\/uploads\/2024\/11\/7_1-1024x724.jpg\" alt=\"\" class=\"wp-image-162\" srcset=\"https:\/\/zdow.pl\/rlks\/wp-content\/uploads\/2024\/11\/7_1-1024x724.jpg 1024w, https:\/\/zdow.pl\/rlks\/wp-content\/uploads\/2024\/11\/7_1-300x212.jpg 300w, https:\/\/zdow.pl\/rlks\/wp-content\/uploads\/2024\/11\/7_1-768x543.jpg 768w, https:\/\/zdow.pl\/rlks\/wp-content\/uploads\/2024\/11\/7_1-1536x1086.jpg 1536w, https:\/\/zdow.pl\/rlks\/wp-content\/uploads\/2024\/11\/7_1-2048x1449.jpg 2048w\" sizes=\"auto, (max-width: 1024px) 100vw, 1024px\" \/><\/figure>\n\n\n\n<p><strong>#FunduszeUE #FunduszeEuropejskie<\/strong><\/p>\n\n\n\n<p><\/p>\n","protected":false},"excerpt":{"rendered":"<p>Szanowni Pa\u0144stwo, informujemy \u017ce w dniu 22.11.2024 podpisano umowe nr FELB.07.01-IZ.00-0007\/24 Data rozpocz\u0119cia projektu to: 2024-06-01 a data zako\u0144czenia to: 2025-12-31 Projekt b\u0119dzie polega\u0142 na realizacji grant\u00f3w przez np. JST oraz NGO z terenu LGD polegaj\u0105cych np. poprzez organizacje r\u00f3\u017cnego rodzaju warsztat\u00f3w, tworzeniu k\u00f3\u0142ek zainteresowa\u0144, grup teatralnych, terapii artystyczno \u2013 zaj\u0119ciowych, wystaw, zapewnienie styczno\u015bci z<span class=\"dots\"> &hellip; <\/span><span class=\"link-more\"><a href=\"https:\/\/zdow.pl\/rlks\/aktywizacja-spolecznosci-lokalnej-w-placowkach-edukacyjnych-zdow-7-1\/\" class=\"more-link\">Read more <span class=\"screen-reader-text\">&#8222;Aktywizacja spo\u0142eczno\u015bci lokalnej w plac\u00f3wkach edukacyjnych &#8211; ZDOW (7.1)&#8221;<\/span><\/a><\/span><\/p>\n","protected":false},"author":1,"featured_media":0,"comment_status":"open","ping_status":"open","sticky":false,"template":"","format":"standard","meta":{"footnotes":""},"categories":[1],"tags":[],"class_list":["post-161","post","type-post","status-publish","format-standard","hentry","category-news"],"_links":{"self":[{"href":"https:\/\/zdow.pl\/rlks\/wp-json\/wp\/v2\/posts\/161","targetHints":{"allow":["GET"]}}],"collection":[{"href":"https:\/\/zdow.pl\/rlks\/wp-json\/wp\/v2\/posts"}],"about":[{"href":"https:\/\/zdow.pl\/rlks\/wp-json\/wp\/v2\/types\/post"}],"author":[{"embeddable":true,"href":"https:\/\/zdow.pl\/rlks\/wp-json\/wp\/v2\/users\/1"}],"replies":[{"embeddable":true,"href":"https:\/\/zdow.pl\/rlks\/wp-json\/wp\/v2\/comments?post=161"}],"version-history":[{"count":1,"href":"https:\/\/zdow.pl\/rlks\/wp-json\/wp\/v2\/posts\/161\/revisions"}],"predecessor-version":[{"id":163,"href":"https:\/\/zdow.pl\/rlks\/wp-json\/wp\/v2\/posts\/161\/revisions\/163"}],"wp:attachment":[{"href":"https:\/\/zdow.pl\/rlks\/wp-json\/wp\/v2\/media?parent=161"}],"wp:term":[{"taxonomy":"category","embeddable":true,"href":"https:\/\/zdow.pl\/rlks\/wp-json\/wp\/v2\/categories?post=161"},{"taxonomy":"post_tag","embeddable":true,"href":"https:\/\/zdow.pl\/rlks\/wp-json\/wp\/v2\/tags?post=161"}],"curies":[{"name":"wp","href":"https:\/\/api.w.org\/{rel}","templated":true}]}}