{"id":261,"date":"2025-06-13T10:07:00","date_gmt":"2025-06-13T08:07:00","guid":{"rendered":"https:\/\/zdow.pl\/rlks\/?p=261"},"modified":"2025-06-23T10:08:00","modified_gmt":"2025-06-23T08:08:00","slug":"zaproszenie-na-walne-zgromadzenie-czlonkow-zwyczajnych-stowarzyszenia-zielona-dolina-odry-i-warty","status":"publish","type":"post","link":"https:\/\/zdow.pl\/rlks\/zaproszenie-na-walne-zgromadzenie-czlonkow-zwyczajnych-stowarzyszenia-zielona-dolina-odry-i-warty\/","title":{"rendered":"Zaproszenie na Walne Zgromadzenie Cz\u0142onk\u00f3w Zwyczajnych Stowarzyszenia &#8222;Zielona Dolina Odry i Warty&#8221;"},"content":{"rendered":"\n<p>Serdecznie zapraszamy na posiedzenie Walnego Zgromadzenie Cz\u0142onk\u00f3w Zwyczajnych Stowarzyszenia \u201eZielona Dolina Odry i Warty\u201d, kt\u00f3re odb\u0119dzie si\u0119 w dniu 27.06.2025 roku o godzinie 12:00 w sali konferencyjnej Centrum Spotka\u0144 Polsko &#8211; Niemieckich w G\u00f3rzycy.<\/p>\n\n\n\n<p>Porz\u0105dek Posiedzenia Walnego Zgromadzenia Cz\u0142onk\u00f3w Zwyczajnych<\/p>\n\n\n\n<p>Stowarzyszenia \u201eZielona Dolina Odry i Warty\u201d:<\/p>\n\n\n\n<ol class=\"wp-block-list\">\n<li>Przywitanie Cz\u0142onk\u00f3w Walnego Zgromadzenia Cz\u0142onk\u00f3w przyby\u0142ych go\u015bci.<\/li>\n\n\n\n<li>Przyj\u0119cie Porz\u0105dku obrad i regulaminu obrad.<\/li>\n\n\n\n<li>Sprawozdanie Prezesa Zarz\u0105du z dotychczasowej pracy Stowarzyszenia.<\/li>\n\n\n\n<li>Wniosek Komisji Rewizyjnej o udzieleniu absolutorium Zarz\u0105dowi Stowarzyszenia.<\/li>\n\n\n\n<li>Podj\u0119cie Uchwa\u0142y nr 1\/2025 w sprawie przyj\u0119cia sprawozda\u0144 z dzia\u0142alno\u015bci Stowarzyszenia i udzielenie absolutorium Zarz\u0105dowi.<\/li>\n\n\n\n<li>Podj\u0119cie Uchwa\u0142y nr 2\/2025r o przyj\u0119ciu plan\u00f3w dzia\u0142a\u0144 Zarz\u0105du Stowarzyszenia na rok 2026.<\/li>\n\n\n\n<li>Dyskusja i wolne wnioski .<\/li>\n\n\n\n<li>Zako\u0144czenie Posiedzenia Walnego Zgromadzenia Cz\u0142onk\u00f3w Zwyczajnych.<\/li>\n<\/ol>\n","protected":false},"excerpt":{"rendered":"<p>Serdecznie zapraszamy na posiedzenie Walnego Zgromadzenie Cz\u0142onk\u00f3w Zwyczajnych Stowarzyszenia \u201eZielona Dolina Odry i Warty\u201d, kt\u00f3re odb\u0119dzie si\u0119 w dniu 27.06.2025 roku o godzinie 12:00 w sali konferencyjnej Centrum Spotka\u0144 Polsko &#8211; Niemieckich w G\u00f3rzycy. Porz\u0105dek Posiedzenia Walnego Zgromadzenia Cz\u0142onk\u00f3w Zwyczajnych Stowarzyszenia \u201eZielona Dolina Odry i Warty\u201d:<\/p>\n","protected":false},"author":1,"featured_media":0,"comment_status":"open","ping_status":"open","sticky":false,"template":"","format":"standard","meta":{"footnotes":""},"categories":[1],"tags":[],"class_list":["post-261","post","type-post","status-publish","format-standard","hentry","category-news"],"_links":{"self":[{"href":"https:\/\/zdow.pl\/rlks\/wp-json\/wp\/v2\/posts\/261","targetHints":{"allow":["GET"]}}],"collection":[{"href":"https:\/\/zdow.pl\/rlks\/wp-json\/wp\/v2\/posts"}],"about":[{"href":"https:\/\/zdow.pl\/rlks\/wp-json\/wp\/v2\/types\/post"}],"author":[{"embeddable":true,"href":"https:\/\/zdow.pl\/rlks\/wp-json\/wp\/v2\/users\/1"}],"replies":[{"embeddable":true,"href":"https:\/\/zdow.pl\/rlks\/wp-json\/wp\/v2\/comments?post=261"}],"version-history":[{"count":1,"href":"https:\/\/zdow.pl\/rlks\/wp-json\/wp\/v2\/posts\/261\/revisions"}],"predecessor-version":[{"id":262,"href":"https:\/\/zdow.pl\/rlks\/wp-json\/wp\/v2\/posts\/261\/revisions\/262"}],"wp:attachment":[{"href":"https:\/\/zdow.pl\/rlks\/wp-json\/wp\/v2\/media?parent=261"}],"wp:term":[{"taxonomy":"category","embeddable":true,"href":"https:\/\/zdow.pl\/rlks\/wp-json\/wp\/v2\/categories?post=261"},{"taxonomy":"post_tag","embeddable":true,"href":"https:\/\/zdow.pl\/rlks\/wp-json\/wp\/v2\/tags?post=261"}],"curies":[{"name":"wp","href":"https:\/\/api.w.org\/{rel}","templated":true}]}}