{"id":298,"date":"2025-11-10T13:06:47","date_gmt":"2025-11-10T12:06:47","guid":{"rendered":"https:\/\/zdow.pl\/rlks\/?p=298"},"modified":"2026-02-04T10:53:37","modified_gmt":"2026-02-04T09:53:37","slug":"zmiana-lsr","status":"publish","type":"post","link":"https:\/\/zdow.pl\/rlks\/zmiana-lsr\/","title":{"rendered":"Zmiana LSR"},"content":{"rendered":"\n<p>Szanowni Pa\u0144stwo, Zarz\u0105d LGD informuje o planowanej zmianie Lokalnej Strategii Rozwoju. W za\u0142\u0105czeniu znajduje si\u0119 projekt <strong>Lokalnej Strategii Rozwoju Zielonej Doliny Odry i Warty na lata 2023 &#8211; 2027<\/strong> ze zmianami zaznaczonymi czerwon\u0105 czcionk\u0105 (str 31-32) oraz projekt kryteri\u00f3w wyboru dot. grant\u00f3w. Prosimy o przesy\u0142anie uwag do projektu LSR i kryteri\u00f3w do dnia 24.11.2025 na adres mailowy: <a href=\"mailto:biuro@zdow.pl\" target=\"_blank\" rel=\"noreferrer noopener\">biuro@zdow.pl<\/a><\/p>\n\n\n\n<div data-wp-interactive=\"core\/file\" class=\"wp-block-file\"><object data-wp-bind--hidden=\"!state.hasPdfPreview\" hidden class=\"wp-block-file__embed\" data=\"https:\/\/zdow.pl\/rlks\/wp-content\/uploads\/2025\/11\/LSR-zmiana-2-zmiany-czerwone.pdf\" type=\"application\/pdf\" style=\"width:100%;height:600px\" aria-label=\"Osadzone z LSR zmiana 2 - zmiany czerwone.\"><\/object><a id=\"wp-block-file--media-a8c1189b-add2-46d7-91df-aa9ce1c9466a\" href=\"https:\/\/zdow.pl\/rlks\/wp-content\/uploads\/2025\/11\/LSR-zmiana-2-zmiany-czerwone.pdf\">LSR zmiana 2 &#8211; zmiany czerwone<\/a><a href=\"https:\/\/zdow.pl\/rlks\/wp-content\/uploads\/2025\/11\/LSR-zmiana-2-zmiany-czerwone.pdf\" class=\"wp-block-file__button wp-element-button\" download aria-describedby=\"wp-block-file--media-a8c1189b-add2-46d7-91df-aa9ce1c9466a\">Pobierz<\/a><\/div>\n\n\n\n<p><a href=\"https:\/\/zdow.pl\/rlks\/wp-content\/uploads\/2025\/11\/zal1.docx\">Kryteria punktowe &#8211; granty efs<\/a><\/p>\n\n\n\n<p><\/p>\n","protected":false},"excerpt":{"rendered":"<p>Szanowni Pa\u0144stwo, Zarz\u0105d LGD informuje o planowanej zmianie Lokalnej Strategii Rozwoju. W za\u0142\u0105czeniu znajduje si\u0119 projekt Lokalnej Strategii Rozwoju Zielonej Doliny Odry i Warty na lata 2023 &#8211; 2027 ze zmianami zaznaczonymi czerwon\u0105 czcionk\u0105 (str 31-32) oraz projekt kryteri\u00f3w wyboru dot. grant\u00f3w. Prosimy o przesy\u0142anie uwag do projektu LSR i kryteri\u00f3w do dnia 24.11.2025 na<span class=\"dots\"> &hellip; <\/span><span class=\"link-more\"><a href=\"https:\/\/zdow.pl\/rlks\/zmiana-lsr\/\" class=\"more-link\">Read more <span class=\"screen-reader-text\">&#8222;Zmiana LSR&#8221;<\/span><\/a><\/span><\/p>\n","protected":false},"author":1,"featured_media":0,"comment_status":"open","ping_status":"open","sticky":false,"template":"","format":"standard","meta":{"footnotes":""},"categories":[1],"tags":[],"class_list":["post-298","post","type-post","status-publish","format-standard","hentry","category-news"],"_links":{"self":[{"href":"https:\/\/zdow.pl\/rlks\/wp-json\/wp\/v2\/posts\/298","targetHints":{"allow":["GET"]}}],"collection":[{"href":"https:\/\/zdow.pl\/rlks\/wp-json\/wp\/v2\/posts"}],"about":[{"href":"https:\/\/zdow.pl\/rlks\/wp-json\/wp\/v2\/types\/post"}],"author":[{"embeddable":true,"href":"https:\/\/zdow.pl\/rlks\/wp-json\/wp\/v2\/users\/1"}],"replies":[{"embeddable":true,"href":"https:\/\/zdow.pl\/rlks\/wp-json\/wp\/v2\/comments?post=298"}],"version-history":[{"count":6,"href":"https:\/\/zdow.pl\/rlks\/wp-json\/wp\/v2\/posts\/298\/revisions"}],"predecessor-version":[{"id":317,"href":"https:\/\/zdow.pl\/rlks\/wp-json\/wp\/v2\/posts\/298\/revisions\/317"}],"wp:attachment":[{"href":"https:\/\/zdow.pl\/rlks\/wp-json\/wp\/v2\/media?parent=298"}],"wp:term":[{"taxonomy":"category","embeddable":true,"href":"https:\/\/zdow.pl\/rlks\/wp-json\/wp\/v2\/categories?post=298"},{"taxonomy":"post_tag","embeddable":true,"href":"https:\/\/zdow.pl\/rlks\/wp-json\/wp\/v2\/tags?post=298"}],"curies":[{"name":"wp","href":"https:\/\/api.w.org\/{rel}","templated":true}]}}